{"id":152,"date":"2026-08-26T18:18:21","date_gmt":"2026-08-26T18:18:21","guid":{"rendered":"http:\/\/marinaveracruz.net\/?p=152"},"modified":"2026-08-26T18:18:24","modified_gmt":"2026-08-26T18:18:24","slug":"especial-san-jose-patrono-de-la-iglesia-universal","status":"publish","type":"post","link":"https:\/\/marinaveracruz.net\/?p=152","title":{"rendered":"ESPECIAL SAN JOS\u00c9: PATRONO DE LA IGLESIA UNIVERSAL."},"content":{"rendered":"<p><script async=\"\" src=\"https:\/\/pagead2.googlesyndication.com\/pagead\/js\/adsbygoogle.js\"><\/script><br \/>\n<!-- marina10 adaptable --><br \/>\n<ins class=\"adsbygoogle\" style=\"display: block;\" data-ad-client=\"ca-pub-9439478559683170\" data-ad-slot=\"9761953228\" data-ad-format=\"auto\" data-full-width-responsive=\"true\"><\/ins><br \/>\n<script><br \/>\n     (adsbygoogle = window.adsbygoogle || []).push({});<br \/>\n<\/script><\/p>\n<div style=\"text-align: center;\"><span style=\"font-size: large; text-align: justify;\"><br \/>\n<\/span><br \/>\n<span style=\"font-size: large; text-align: justify;\"><span style=\"font-size: large; text-align: justify;\"><span style=\"text-align: center;\"><b><br \/>\n<\/b><\/span><\/span><\/span><\/p>\n<div style=\"text-align: justify;\">\n<h1 style=\"text-align: center;\">ESPECIAL SAN JOS\u00c9: PATRONO DE LA IGLESIA UNIVERSAL.<\/h1>\n<\/div>\n<p><a href=\"http:\/\/marinaveracruz.net\/?attachment_id=157\" rel=\"attachment wp-att-157\"><img loading=\"lazy\" decoding=\"async\" class=\"wp-image-157 aligncenter\" src=\"http:\/\/marinaveracruz.net\/wp-content\/uploads\/2021\/05\/Diapositiva14-300x225.jpg\" alt=\"\" width=\"400\" height=\"300\" srcset=\"https:\/\/marinaveracruz.net\/wp-content\/uploads\/2021\/05\/Diapositiva14-300x225.jpg 300w, https:\/\/marinaveracruz.net\/wp-content\/uploads\/2021\/05\/Diapositiva14-768x576.jpg 768w, https:\/\/marinaveracruz.net\/wp-content\/uploads\/2021\/05\/Diapositiva14.jpg 960w\" sizes=\"auto, (max-width: 400px) 85vw, 400px\" \/><\/a><\/p>\n<div style=\"text-align: justify;\">\n<div>\n<h3 style=\"font-weight: 400;\" data-original-attrs=\"{&quot;style&quot;:&quot;mso-margin-bottom-alt: auto; mso-margin-top-alt: auto;&quot;}\"><span style=\"color: #000000;\">\u00a0 \u00a0 Con coraz\u00f3n de padre: as\u00ed Jos\u00e9 am\u00f3 a Jes\u00fas, llamado en los cuatro Evangelios \u00ab<em>el hijo de Jos\u00e9<\/em>\u00bb[1].<\/span><\/h3>\n<h3 style=\"font-weight: 400;\" data-original-attrs=\"{&quot;style&quot;:&quot;mso-margin-bottom-alt: auto; mso-margin-top-alt: auto;&quot;}\"><span style=\"color: #000000;\">\u00a0 \u00a0 Los dos evangelistas que evidenciaron su figura, Mateo y Lucas, refieren poco, pero lo suficiente para entender qu\u00e9 tipo de padre fuese y la misi\u00f3n que la Providencia le confi\u00f3.<\/span><\/h3>\n<div style=\"text-align: center;\">\n<div style=\"text-align: justify;\">\n<div><\/div>\n<\/div>\n<div class=\"separator\" style=\"clear: both; text-align: center;\">\n<div style=\"text-align: center;\">\n<h3><span style=\"color: #000000;\"><!--more--><\/span><\/h3>\n<h3 style=\"text-align: left;\"><\/h3>\n<\/div>\n<\/div>\n<\/div>\n<div><\/div>\n<h3 style=\"font-weight: 400;\" data-original-attrs=\"{&quot;style&quot;:&quot;mso-margin-bottom-alt: auto; mso-margin-top-alt: auto;&quot;}\"><span style=\"color: #000000;\">\u00a0 \u00a0 Sabemos que fue un humilde carpintero (cf. <em>Mt<\/em>\u00a013,55), desposado con Mar\u00eda (cf.\u00a0<em>Mt<\/em>\u00a01,18;\u00a0<em>Lc<\/em>\u00a01,27); un \u00abhombre justo\u00bb (<em>Mt<\/em>\u00a01,19), siempre dispuesto a hacer la voluntad de Dios manifestada en su ley (cf.\u00a0<em>Lc<\/em>\u00a02,22.27.39) y a trav\u00e9s de los cuatro sue\u00f1os que tuvo (cf.\u00a0<em>Mt<\/em>\u00a01,20; 2,13.19.22). Despu\u00e9s de un largo y duro viaje de Nazaret a Bel\u00e9n, vio nacer al Mes\u00edas en un pesebre, porque en otro sitio \u00abno hab\u00eda lugar para ellos\u00bb (<em>Lc<\/em>\u00a02,7). Fue testigo de la adoraci\u00f3n de los pastores (cf.\u00a0<em>Lc<\/em>\u00a02,8-20) y de los Magos (cf.\u00a0<em>Mt<\/em>\u00a02,1-12), que representaban respectivamente el pueblo de Israel y los pueblos paganos.<\/span><\/h3>\n<h3 style=\"font-weight: 400;\" data-original-attrs=\"{&quot;style&quot;:&quot;mso-margin-bottom-alt: auto; mso-margin-top-alt: auto;&quot;}\"><span style=\"color: #000000;\">\u00a0 \u00a0 Tuvo la valent\u00eda de asumir la paternidad legal de Jes\u00fas, a quien dio el nombre que le revel\u00f3 el \u00e1ngel: \u00abT\u00fa le pondr\u00e1s por nombre Jes\u00fas, porque \u00e9l salvar\u00e1 a su pueblo de sus pecados\u00bb (<em>Mt<\/em>\u00a01,21). Como se sabe, en los pueblos antiguos poner un nombre a una persona o a una cosa significaba adquirir la pertenencia, como hizo Ad\u00e1n en el relato del G\u00e9nesis (cf. 2,19-20).<\/span><\/h3>\n<h3 style=\"font-weight: 400;\" data-original-attrs=\"{&quot;style&quot;:&quot;mso-margin-bottom-alt: auto; mso-margin-top-alt: auto;&quot;}\"><span style=\"color: #000000;\">\u00a0 \u00a0 En el templo, cuarenta d\u00edas despu\u00e9s del nacimiento, Jos\u00e9, junto a la madre, present\u00f3 el Ni\u00f1o al Se\u00f1or y escuch\u00f3 sorprendido la profec\u00eda que Sime\u00f3n pronunci\u00f3 sobre Jes\u00fas y Mar\u00eda (cf. <em>Lc<\/em>\u00a02,22-35). Para proteger a Jes\u00fas de Herodes, permaneci\u00f3 en Egipto como extranjero (cf.\u00a0<em>Mt<\/em>\u00a02,13-18). De regreso en su tierra, vivi\u00f3 de manera oculta en el peque\u00f1o y desconocido pueblo de Nazaret, en Galilea \u2014de donde, se dec\u00eda: \u201cNo sale ning\u00fan profeta\u201d y \u201cno puede salir nada bueno\u201d (cf.\u00a0<em>Jn<\/em>\u00a07,52; 1,46)\u2014, lejos de Bel\u00e9n, su ciudad de origen, y de Jerusal\u00e9n, donde estaba el templo. Cuando, durante una peregrinaci\u00f3n a Jerusal\u00e9n, perdieron a Jes\u00fas, que ten\u00eda doce a\u00f1os, \u00e9l y Mar\u00eda lo buscaron angustiados y lo encontraron en el templo mientras discut\u00eda con los doctores de la ley (cf.\u00a0<em>Lc<\/em>\u00a02,41-50).<\/span><\/h3>\n<h3 style=\"font-weight: 400;\" data-original-attrs=\"{&quot;style&quot;:&quot;mso-margin-bottom-alt: auto; mso-margin-top-alt: auto;&quot;}\"><span style=\"color: #000000;\">\u00a0 \u00a0 Despu\u00e9s de Mar\u00eda, Madre de Dios, ning\u00fan santo ocupa tanto espacio en el Magisterio pontificio como Jos\u00e9, su esposo. Mis predecesores han profundizado en el mensaje contenido en los pocos datos transmitidos por los Evangelios para destacar su papel central en la historia de la salvaci\u00f3n: el beato P\u00edo IX\u00a0\u00a0lo declar\u00f3 \u00abPatrono de la Iglesia Cat\u00f3lica\u00bb[2], el venerable P\u00edo XII\u00a0\u00a0lo present\u00f3 como \u201cPatrono de los trabajadores\u201d[3] y san Juan Pablo II <a style=\"color: #000000;\" href=\"https:\/\/www.blogger.com\/blog\/post\/edit\/2881568162810349288\/6280552234484188564#\" data-original-attrs=\"{&quot;data-original-href&quot;:&quot;http:\/\/www.vatican.va\/content\/john-paul-ii\/es.html&quot;}\">II<\/a>\u00a0como \u00abCustodio del Redentor\u00bb[4].\u00a0El pueblo lo invoca como \u00abPatrono de la buena muerte\u00bb[5].<\/span><\/h3>\n<h3 style=\"font-weight: 400;\" data-original-attrs=\"{&quot;style&quot;:&quot;mso-margin-bottom-alt: auto; mso-margin-top-alt: auto;&quot;}\"><span style=\"color: #000000;\">\u00a0 \u00a0 Por eso, al cumplirse ciento cincuenta a\u00f1os de que el beato P\u00edo IX, el 8 de diciembre de 1870, lo declarara como <em>Patrono de la Iglesia Cat\u00f3lica<\/em>, quisiera \u2014como dice Jes\u00fas\u2014 que \u201cla boca hable de aquello de lo que est\u00e1 lleno el coraz\u00f3n\u201d (cf.\u00a0<em>Mt<\/em>\u00a012,34), para compartir con ustedes algunas reflexiones personales sobre esta figura extraordinaria, tan cercana a nuestra condici\u00f3n humana. Este deseo ha crecido durante estos meses de pandemia, en los que podemos experimentar, en medio de la crisis que nos est\u00e1 golpeando, que \u00abnuestras vidas est\u00e1n tejidas y sostenidas por personas comunes \u2014corrientemente olvidadas\u2014 que no aparecen en portadas de diarios y de revistas, ni en las grandes pasarelas del \u00faltimo\u00a0<em>show<\/em> pero, sin lugar a dudas, est\u00e1n escribiendo hoy los acontecimientos decisivos de nuestra historia: m\u00e9dicos, enfermeros y enfermeras, encargados de reponer los productos en los supermercados, limpiadoras, cuidadoras, transportistas, fuerzas de seguridad, voluntarios, sacerdotes, religiosas y tantos pero tantos otros que comprendieron que nadie se salva solo. [\u2026] Cu\u00e1nta gente cada d\u00eda demuestra paciencia e infunde esperanza, cuid\u00e1ndose de no sembrar p\u00e1nico sino corresponsabilidad. Cu\u00e1ntos padres, madres, abuelos y abuelas, docentes muestran a nuestros ni\u00f1os, con gestos peque\u00f1os y cotidianos, c\u00f3mo enfrentar y transitar una crisis readaptando rutinas, levantando miradas e impulsando la oraci\u00f3n. Cu\u00e1ntas personas rezan, ofrecen e interceden por el bien de todos\u00bb[6].\u00a0Todos pueden encontrar en san Jos\u00e9 \u2014el hombre que pasa desapercibido, el hombre de la presencia diaria, discreta y oculta\u2014 un intercesor, un apoyo y una gu\u00eda en tiempos de dificultad. San Jos\u00e9 nos recuerda que todos los que est\u00e1n aparentemente ocultos o en \u201csegunda l\u00ednea\u201d tienen un protagonismo sin igual en la historia de la salvaci\u00f3n. A todos ellos va dirigida una palabra de reconocimiento y de gratitud.<\/span><\/h3>\n<\/div>\n<\/div>\n<\/div>\n<div><\/div>\n<div>\n<div style=\"text-align: justify;\">\n<h3 style=\"text-align: center;\"><span style=\"color: #000000;\"><strong>ENLACES DE INTER\u00c9S.\u00a0<\/strong><\/span><\/h3>\n<\/div>\n<h2 style=\"text-align: center;\" data-original-attrs=\"{&quot;style&quot;:&quot;&quot;}\"><strong><a href=\"https:\/\/www.blogger.com\/blog\/page\/edit\/2881568162810349288\/1873076281431297017#\" data-original-attrs=\"{&quot;data-original-href&quot;:&quot;https:\/\/seducidosporjesus.blogspot.com\/2020\/12\/carta-apostolica-patris-corde-del-papa.html&quot;}\">1.-CARTA APOST\u00d3LICA PATRIS CORDE DEL PAPA FRANCISCO CON MOTIVO DEL 150 ANIVERSARIO DE LA DECLARACI\u00d3N DE SAN JOS\u00c9 COMO PATRONO DE LA IGLESIA UNIVERSAL.\u00a0<\/a><\/strong><\/h2>\n<h2 style=\"text-align: center;\" data-original-attrs=\"{&quot;style&quot;:&quot;&quot;}\"><strong><a href=\"https:\/\/www.blogger.com\/blog\/page\/edit\/2881568162810349288\/1873076281431297017#\" data-original-attrs=\"{&quot;data-original-href&quot;:&quot;https:\/\/seducidosporjesus.blogspot.com\/2020\/11\/una-mirada-san-jose.html&quot;}\">2.-UNA MIRADA A SAN JOS\u00c9.<\/a><\/strong><\/h2>\n<h2 style=\"text-align: center;\" data-original-attrs=\"{&quot;style&quot;:&quot;&quot;}\"><strong><a href=\"https:\/\/www.blogger.com\/blog\/page\/edit\/2881568162810349288\/1873076281431297017#\" data-original-attrs=\"{&quot;data-original-href&quot;:&quot;https:\/\/seducidosporjesus.blogspot.com\/2020\/12\/santa-teresa-de-jesus-gran-devota-de.html&quot;}\">3.-SANTA TERESA DE JES\u00daS: GRAN DEVOTA DE SAN JOS\u00c9.<\/a><\/strong><\/h2>\n<h2 style=\"text-align: center;\" data-original-attrs=\"{&quot;style&quot;:&quot;&quot;}\"><strong data-original-attrs=\"{&quot;style&quot;:&quot;&quot;}\"><a href=\"https:\/\/www.blogger.com\/blog\/page\/edit\/2881568162810349288\/1873076281431297017#\" data-original-attrs=\"{&quot;data-original-href&quot;:&quot;https:\/\/oraciondeintercesion1.blogspot.com\/2020\/12\/oracion-san-jose-del-papa-francisco.html&quot;}\">4.-ORACI\u00d3N A SAN JOS\u00c9 DEL PAPA FRANCISCO.<\/a><\/strong><\/h2>\n<h2 style=\"text-align: center;\" data-original-attrs=\"{&quot;style&quot;:&quot;&quot;}\"><a href=\"https:\/\/seducidosporjesus.blogspot.com\/2021\/02\/entrevista-san-jose.html\" target=\"_blank\" rel=\"noopener\">5.-ENTREVISTA A SAN JOS\u00c9.\u00a0<\/a><\/h2>\n<p data-original-attrs=\"{&quot;style&quot;:&quot;&quot;}\">\n<\/div>\n<div class=\"separator\" style=\"clear: both; text-align: center;\"><\/div>\n<div style=\"text-align: justify;\">\n<div style=\"text-align: center;\">\n<div style=\"text-align: justify;\">\n<div style=\"font-stretch: normal; line-height: 1.5em; margin: 0.5em 0px; padding: 0em;\">\n<div style=\"text-align: center;\">\n<div style=\"text-align: justify;\">\n<div style=\"text-align: center;\">\n<div style=\"line-height: normal; margin: 0cm 0cm 10pt; text-align: justify;\">\n<div style=\"text-align: justify;\">\n<div style=\"text-align: center;\">\n<div style=\"font-stretch: normal; line-height: 1.5em; margin-bottom: 0.5em; margin-top: 0.5em; padding: 0em; text-align: justify;\">\n<div style=\"line-height: normal; margin: 0cm 0cm 10pt;\">\n<div style=\"text-align: justify;\">\n<div style=\"text-align: center;\">\n<div style=\"text-align: justify;\">\n<div style=\"text-align: center;\">\n<div style=\"line-height: normal; margin: 0cm 0cm 10pt; text-align: justify;\">\n<div style=\"text-align: center;\">\n<div>\n<div>\n<div style=\"text-align: justify;\">\n<div style=\"text-align: center;\">\n<div style=\"text-align: justify;\">\n<div style=\"font-stretch: normal; line-height: 1.5em; margin: 0.5em 0px; padding: 0em;\">\n<div style=\"text-align: center;\">\n<div style=\"text-align: justify;\">\n<div style=\"text-align: center;\">\n<div style=\"line-height: normal; margin: 0cm 0cm 10pt; text-align: justify;\">\n<div style=\"text-align: justify;\">\n<div style=\"text-align: center;\">\n<div style=\"font-stretch: normal; line-height: 1.5em; margin-bottom: 0.5em; margin-top: 0.5em; padding: 0em; text-align: justify;\">\n<div style=\"line-height: normal; margin: 0cm 0cm 10pt;\">\n<div style=\"text-align: justify;\">\n<div style=\"text-align: center;\">\n<div style=\"text-align: justify;\">\n<div style=\"text-align: center;\">\n<div style=\"line-height: normal; margin: 0cm 0cm 10pt; text-align: justify;\">\n<div style=\"text-align: center;\"><\/div>\n<\/div>\n<\/div>\n<\/div>\n<\/div>\n<\/div>\n<\/div>\n<\/div>\n<\/div>\n<\/div>\n<\/div>\n<\/div>\n<\/div>\n<\/div>\n<\/div>\n<\/div>\n<\/div>\n<\/div>\n<\/div>\n<\/div>\n<div><\/div>\n<\/div>\n<\/div>\n<\/div>\n<p><span style=\"font-family: arial; font-size: large;\"><script async=\"\" src=\"\/\/pagead2.googlesyndication.com\/pagead\/js\/adsbygoogle.js\"><\/script><br \/>\n<\/span><span style=\"font-family: arial; font-size: large;\"><script><br \/>\n(adsbygoogle = window.adsbygoogle || []).push({});<br \/>\n<\/script><\/span><\/p>\n<\/div>\n<\/div>\n<\/div>\n<\/div>\n<\/div>\n<\/div>\n<\/div>\n<\/div>\n<\/div>\n<\/div>\n<\/div>\n<\/div>\n<\/div>\n<\/div>\n<\/div>\n<div class=\"MsoNormal\">\n<div class=\"MsoNormal\">\n<div class=\"MsoNormal\">\n<div id=\"BodyNoti\" style=\"margin: 0px; padding: 0px; text-align: start;\">\n<div class=\"mce\" style=\"line-height: 20px; margin-bottom: 31px; padding: 0px;\">\n<div style=\"text-align: justify;\">\n<div style=\"text-align: justify;\">\n<div style=\"text-align: justify;\">\n<div style=\"text-align: justify;\">\n<div style=\"text-align: justify;\">\n<div style=\"text-align: justify;\">\n<div style=\"text-align: justify;\">\n<div style=\"text-align: justify;\">\n<div style=\"text-align: justify;\">\n<div style=\"text-align: center;\">\n<div style=\"text-align: justify;\">\n<div style=\"font-stretch: normal; line-height: 1.5em; margin: 0.5em 0px; padding: 0em;\">\n<div style=\"color: #666666; font-stretch: normal; line-height: 1.5em; margin-bottom: 0.5em; margin-top: 0.5em; padding: 0em;\">\n<div style=\"color: black; text-align: center;\">\n<div style=\"text-align: justify;\"><\/div>\n<\/div>\n<\/div>\n<h2 style=\"text-align: center;\"><span style=\"font-family: arial; font-size: large;\"><strong>LISTA DE V\u00cdDEOS SOBRE SAN JOS\u00c9.<\/strong><\/span><\/h2>\n<p style=\"text-align: center;\"><iframe loading=\"lazy\" title=\"YouTube video player\" src=\"https:\/\/www.youtube.com\/embed\/videoseries?list=PLw0G1zJFe6uQL82CJkreD341Jk5PtGjep\" width=\"560\" height=\"315\" frameborder=\"0\" allowfullscreen=\"allowfullscreen\"><\/iframe><\/p>\n<\/div>\n<div style=\"font-stretch: normal; line-height: 1.5em; margin: 0.5em 0px; padding: 0em;\">\n<div>\n<div style=\"font-stretch: normal; line-height: 1.5em; margin-bottom: 0.5em; margin-top: 0.5em; padding: 0em;\">\n<div style=\"font-stretch: normal; line-height: 1.5em; margin-bottom: 0.5em; margin-top: 0.5em; padding: 0em;\">\n<div><\/div>\n<\/div>\n<\/div>\n<\/div>\n<\/div>\n<\/div>\n<\/div>\n<div style=\"text-align: center;\">\n<div style=\"margin: 0px;\"><\/div>\n<h3><span style=\"font-family: arial; font-size: large;\"><script async=\"\" src=\"https:\/\/pagead2.googlesyndication.com\/pagead\/js\/adsbygoogle.js\"><br \/>\n<script async src=\"https:\/\/pagead2.googlesyndication.com\/pagead\/js\/adsbygoogle.js\"><\/script><br \/>\n<!-- marina12 adaptable --><br \/>\n<ins class=\"adsbygoogle\" style=\"display: block;\" data-ad-client=\"ca-pub-9439478559683170\" data-ad-slot=\"7191630203\" data-ad-format=\"auto\" data-full-width-responsive=\"true\"><\/ins><br \/>\n<script><br \/>\n     (adsbygoogle = window.adsbygoogle || []).push({});<br \/>\n<\/script><br \/>\n<\/span><\/h3>\n<h3 style=\"text-align: start;\"><span style=\"font-family: arial; font-size: large;\">\u00a0<\/span><\/h3>\n<div style=\"text-align: start;\">\n<div style=\"text-align: justify;\">\n<div class=\"MsoNormal\" style=\"text-align: center;\">\n<div id=\"id_581df1fab5e932000890749\" class=\"text_exposed_root text_exposed\" style=\"text-align: start;\">\n<div class=\"text_exposed_show\" style=\"text-align: center;\">\n<div class=\"text_exposed_show\" style=\"text-align: center;\">\n<h3><span style=\"font-family: arial; font-size: large;\"><span style=\"font-family: arial; font-size: large;\">\u00a0<strong> CONOCE MIS LIBROS EN BUBOK<\/strong><\/span><\/span><\/h3>\n<h3><\/h3>\n<h3><strong><ins class=\"adsbygoogle\" style=\"display: block;\" data-ad-client=\"ca-pub-9439478559683170\" data-ad-format=\"auto\" data-ad-slot=\"7369428171\" data-full-width-responsive=\"true\"><\/ins><span style=\"font-family: arial; font-size: large;\"><br \/>\n<\/span><\/strong><\/h3>\n<h3 class=\"MsoNormal\" style=\"text-align: center;\"><strong><span style=\"font-family: arial; font-size: large;\"><span style=\"font-family: arial; font-size: large;\"><span style=\"box-sizing: border-box; color: #990000; outline: 5px;\"><a style=\"background-color: #cfe2f3; box-sizing: border-box; outline: 5px;\" href=\"https:\/\/www.bubok.es\/autores\/sembradordeversos\">P\u00c1GINA DE FRANCISCO BAENA CALVO EN BUBOK<\/a><\/span><\/span><\/span><\/strong><\/h3>\n<h3 class=\"MsoNormal\" style=\"text-align: center;\"><strong><span style=\"font-family: arial; font-size: large;\"><span style=\"line-height: 18.4px;\">Canal de Francisco Baena Calvo.<\/span><br \/>\n<span style=\"line-height: 18.4px;\"><br \/>\n<\/span><span style=\"line-height: 18.4px;\"><span style=\"color: red;\"><a style=\"background-color: #cfe2f3;\" href=\"https:\/\/www.youtube.com\/user\/franbacalvo\">CANAL DE FRANCISCO BAENA CALVO EN YOUTUBE<\/a><\/span><\/span><br \/>\n<span style=\"line-height: 18.4px;\"><br \/>\n<\/span><\/span><\/strong><\/h3>\n<h3 class=\"MsoNormal\" style=\"text-align: center;\"><strong><span style=\"font-family: arial; font-size: large;\"><span style=\"line-height: 18.4px;\">Me gustar\u00eda que te suscribieras a mi canal:\u00a0<\/span><br \/>\n<span style=\"line-height: 18.4px;\"><br \/>\n<\/span><\/span><\/strong><\/h3>\n<h3 class=\"MsoNormal\" style=\"text-align: center;\"><strong><span style=\"line-height: 18.4px;\"><span style=\"font-family: arial; font-size: large;\">Conoce mi p\u00e1gina web:<span style=\"background-color: #cfe2f3;\">\u00a0<a href=\"http:\/\/www.marinaveracruz.net\/\">www.marinaveracruz.net<\/a><\/span><\/span><\/span><\/strong><\/h3>\n<\/div>\n<\/div>\n<div class=\"text_exposed_show\">\n<div style=\"text-align: center;\"><\/div>\n<\/div>\n<\/div>\n<\/div>\n<\/div>\n<\/div>\n<\/div>\n<\/div>\n<\/div>\n<\/div>\n<\/div>\n<\/div>\n<\/div>\n<\/div>\n<\/div>\n<\/div>\n<\/div>\n<\/div>\n<\/div>\n<\/div>\n<\/div>\n<div style=\"text-align: center;\">\n<div style=\"text-align: start;\">\n<div style=\"text-align: justify;\">\n<div class=\"MsoNormal\" style=\"text-align: center;\">\n<div id=\"id_581df1fab5e932000890749\" class=\"text_exposed_root text_exposed\" style=\"text-align: start;\">\n<div class=\"text_exposed_show\" style=\"text-align: center;\">\n<div class=\"text_exposed_show\" style=\"text-align: start;\"><\/div>\n<\/div>\n<div class=\"text_exposed_show\">\n<div style=\"text-align: center;\"><\/div>\n<\/div>\n<\/div>\n<\/div>\n<\/div>\n<\/div>\n<\/div>\n<p><strong><script async=\"\" src=\"https:\/\/pagead2.googlesyndication.com\/pagead\/js\/adsbygoogle.js\"><\/script><\/strong><br \/>\n<strong><!-- marina16 adapt --><\/strong><br \/>\n<ins class=\"adsbygoogle\" style=\"display: block;\" data-ad-client=\"ca-pub-9439478559683170\" data-ad-slot=\"6574677053\" data-ad-format=\"auto\" data-full-width-responsive=\"true\"><\/ins><br \/>\n<script><br \/>\n     (adsbygoogle = window.adsbygoogle || []).push({});<br \/>\n<\/script><\/p>\n<!--CusAds0-->\n<div style=\"font-size: 0px; height: 0px; line-height: 0px; margin: 0; padding: 0; clear: both;\"><\/div>","protected":false},"excerpt":{"rendered":"<p>ESPECIAL SAN JOS\u00c9: PATRONO DE LA IGLESIA UNIVERSAL. \u00a0 \u00a0 Con coraz\u00f3n de padre: as\u00ed Jos\u00e9 am\u00f3 a Jes\u00fas, llamado en los cuatro Evangelios \u00abel hijo de Jos\u00e9\u00bb[1]. \u00a0 \u00a0 Los dos evangelistas que evidenciaron su figura, Mateo y Lucas, refieren poco, pero lo suficiente para entender qu\u00e9 tipo de padre fuese y la misi\u00f3n &hellip; <a href=\"https:\/\/marinaveracruz.net\/?p=152\" class=\"more-link\">Continuar leyendo<span class=\"screen-reader-text\"> \u00abESPECIAL SAN JOS\u00c9: PATRONO DE LA IGLESIA UNIVERSAL.\u00bb<\/span><\/a><\/p>\n","protected":false},"author":1,"featured_media":0,"comment_status":"open","ping_status":"closed","sticky":false,"template":"","format":"standard","meta":{"_acf_changed":false,"_bos_mb_destination":[""],"footnotes":""},"categories":[80,90,93],"tags":[38,40,37,39],"class_list":["post-152","post","type-post","status-publish","format-standard","hentry","category-cristianismo","category-jesucristo","category-san-jose","tag-carta-apostolica-patris-corde-del-papa-francisco-150-anos-de-san-jose-como-patrono-de-la-iglesia-universal","tag-especial-san-jose","tag-san-jose","tag-santa-teresa-de-jesus-gran-devota-de-san-jose"],"acf":[],"yoast_head":"<!-- This site is optimized with the Yoast SEO plugin v28.3 - https:\/\/yoast.com\/product\/yoast-seo-wordpress\/ -->\n<title>ESPECIAL SAN JOS\u00c9: PATRONO DE LA IGLESIA UNIVERSAL. - ENTRE EL CIELO Y LA TIERRA.<\/title>\n<meta name=\"description\" content=\"ESPECIAL SAN JOS\u00c9: PATRONO DE LA IGLESIA UNIVERSAL. Especial sobre San Jos\u00e9, patrono de la Iglesia Universal.\" \/>\n<meta name=\"robots\" content=\"index, follow, max-snippet:-1, max-image-preview:large, max-video-preview:-1\" \/>\n<link rel=\"canonical\" href=\"https:\/\/marinaveracruz.net\/?p=152\" \/>\n<meta property=\"og:locale\" content=\"es_ES\" \/>\n<meta property=\"og:type\" content=\"article\" \/>\n<meta property=\"og:title\" content=\"ESPECIAL SAN JOS\u00c9: PATRONO DE LA IGLESIA UNIVERSAL. - ENTRE EL CIELO Y LA TIERRA.\" \/>\n<meta property=\"og:description\" content=\"ESPECIAL SAN JOS\u00c9: PATRONO DE LA IGLESIA UNIVERSAL. Especial sobre San Jos\u00e9, patrono de la Iglesia Universal.\" \/>\n<meta property=\"og:url\" content=\"https:\/\/marinaveracruz.net\/?p=152\" \/>\n<meta property=\"og:site_name\" content=\"ENTRE EL CIELO Y LA TIERRA.\" \/>\n<meta property=\"article:published_time\" content=\"2026-08-26T18:18:21+00:00\" \/>\n<meta property=\"article:modified_time\" content=\"2026-08-26T18:18:24+00:00\" \/>\n<meta property=\"og:image\" content=\"https:\/\/marinaveracruz.net\/wp-content\/uploads\/2021\/05\/Diapositiva14.jpg\" \/>\n\t<meta property=\"og:image:width\" content=\"960\" \/>\n\t<meta property=\"og:image:height\" content=\"720\" \/>\n\t<meta property=\"og:image:type\" content=\"image\/jpeg\" \/>\n<meta name=\"author\" content=\"admin\" \/>\n<meta name=\"twitter:card\" content=\"summary_large_image\" \/>\n<meta name=\"twitter:label1\" content=\"Escrito por\" \/>\n\t<meta name=\"twitter:data1\" content=\"admin\" \/>\n\t<meta name=\"twitter:label2\" content=\"Tiempo de lectura\" \/>\n\t<meta name=\"twitter:data2\" content=\"5 minutos\" \/>\n<script type=\"application\/ld+json\" class=\"yoast-schema-graph\">{\"@context\":\"https:\\\/\\\/schema.org\",\"@graph\":[{\"@type\":\"Article\",\"@id\":\"https:\\\/\\\/marinaveracruz.net\\\/?p=152#article\",\"isPartOf\":{\"@id\":\"https:\\\/\\\/marinaveracruz.net\\\/?p=152\"},\"author\":{\"name\":\"admin\",\"@id\":\"http:\\\/\\\/marinaveracruz.net\\\/#\\\/schema\\\/person\\\/6aa31df2d63ac6c656ebb4adda67bc1c\"},\"headline\":\"ESPECIAL SAN JOS\u00c9: PATRONO DE LA IGLESIA UNIVERSAL.\",\"datePublished\":\"2026-08-26T18:18:21+00:00\",\"dateModified\":\"2026-08-26T18:18:24+00:00\",\"mainEntityOfPage\":{\"@id\":\"https:\\\/\\\/marinaveracruz.net\\\/?p=152\"},\"wordCount\":911,\"commentCount\":0,\"image\":{\"@id\":\"https:\\\/\\\/marinaveracruz.net\\\/?p=152#primaryimage\"},\"thumbnailUrl\":\"http:\\\/\\\/marinaveracruz.net\\\/wp-content\\\/uploads\\\/2021\\\/05\\\/Diapositiva14-300x225.jpg\",\"keywords\":[\"CARTA APOST\u00d3LICA PATRIS CORDE DEL PAPA FRANCISCO: 150 A\u00d1OS DE SAN JOS\u00c9 COMO PATRONO DE LA IGLESIA UNIVERSAL\",\"Especial San Jos\u00e9\",\"San Jos\u00e9\",\"SANTA TERESA DE JES\u00daS: GRAN DEVOTA DE SAN JOS\u00c9\"],\"articleSection\":[\"cristianismo\",\"Jesucristo\",\"San Jos\u00e9\"],\"inLanguage\":\"es\",\"potentialAction\":[{\"@type\":\"CommentAction\",\"name\":\"Comment\",\"target\":[\"https:\\\/\\\/marinaveracruz.net\\\/?p=152#respond\"]}]},{\"@type\":\"WebPage\",\"@id\":\"https:\\\/\\\/marinaveracruz.net\\\/?p=152\",\"url\":\"https:\\\/\\\/marinaveracruz.net\\\/?p=152\",\"name\":\"ESPECIAL SAN JOS\u00c9: PATRONO DE LA IGLESIA UNIVERSAL. - ENTRE EL CIELO Y LA TIERRA.\",\"isPartOf\":{\"@id\":\"http:\\\/\\\/marinaveracruz.net\\\/#website\"},\"primaryImageOfPage\":{\"@id\":\"https:\\\/\\\/marinaveracruz.net\\\/?p=152#primaryimage\"},\"image\":{\"@id\":\"https:\\\/\\\/marinaveracruz.net\\\/?p=152#primaryimage\"},\"thumbnailUrl\":\"http:\\\/\\\/marinaveracruz.net\\\/wp-content\\\/uploads\\\/2021\\\/05\\\/Diapositiva14-300x225.jpg\",\"datePublished\":\"2026-08-26T18:18:21+00:00\",\"dateModified\":\"2026-08-26T18:18:24+00:00\",\"author\":{\"@id\":\"http:\\\/\\\/marinaveracruz.net\\\/#\\\/schema\\\/person\\\/6aa31df2d63ac6c656ebb4adda67bc1c\"},\"description\":\"ESPECIAL SAN JOS\u00c9: PATRONO DE LA IGLESIA UNIVERSAL. Especial sobre San Jos\u00e9, patrono de la Iglesia Universal.\",\"breadcrumb\":{\"@id\":\"https:\\\/\\\/marinaveracruz.net\\\/?p=152#breadcrumb\"},\"inLanguage\":\"es\",\"potentialAction\":[{\"@type\":\"ReadAction\",\"target\":[\"https:\\\/\\\/marinaveracruz.net\\\/?p=152\"]}]},{\"@type\":\"ImageObject\",\"inLanguage\":\"es\",\"@id\":\"https:\\\/\\\/marinaveracruz.net\\\/?p=152#primaryimage\",\"url\":\"https:\\\/\\\/marinaveracruz.net\\\/wp-content\\\/uploads\\\/2021\\\/05\\\/Diapositiva14.jpg\",\"contentUrl\":\"https:\\\/\\\/marinaveracruz.net\\\/wp-content\\\/uploads\\\/2021\\\/05\\\/Diapositiva14.jpg\",\"width\":960,\"height\":720},{\"@type\":\"BreadcrumbList\",\"@id\":\"https:\\\/\\\/marinaveracruz.net\\\/?p=152#breadcrumb\",\"itemListElement\":[{\"@type\":\"ListItem\",\"position\":1,\"name\":\"Portada\",\"item\":\"http:\\\/\\\/marinaveracruz.net\\\/\"},{\"@type\":\"ListItem\",\"position\":2,\"name\":\"ESPECIAL SAN JOS\u00c9: PATRONO DE LA IGLESIA UNIVERSAL.\"}]},{\"@type\":\"WebSite\",\"@id\":\"http:\\\/\\\/marinaveracruz.net\\\/#website\",\"url\":\"http:\\\/\\\/marinaveracruz.net\\\/\",\"name\":\"ENTRE EL CIELO Y LA TIERRA.\",\"description\":\"P\u00e1gina de Francisco Baena Calvo.\",\"potentialAction\":[{\"@type\":\"SearchAction\",\"target\":{\"@type\":\"EntryPoint\",\"urlTemplate\":\"http:\\\/\\\/marinaveracruz.net\\\/?s={search_term_string}\"},\"query-input\":{\"@type\":\"PropertyValueSpecification\",\"valueRequired\":true,\"valueName\":\"search_term_string\"}}],\"inLanguage\":\"es\"},{\"@type\":\"Person\",\"@id\":\"http:\\\/\\\/marinaveracruz.net\\\/#\\\/schema\\\/person\\\/6aa31df2d63ac6c656ebb4adda67bc1c\",\"name\":\"admin\",\"image\":{\"@type\":\"ImageObject\",\"inLanguage\":\"es\",\"@id\":\"https:\\\/\\\/secure.gravatar.com\\\/avatar\\\/cd327038a3101a7b52dc4fc9dcffb6996453169e342a7ae608a3bb140ff2f009?s=96&d=mm&r=g\",\"url\":\"https:\\\/\\\/secure.gravatar.com\\\/avatar\\\/cd327038a3101a7b52dc4fc9dcffb6996453169e342a7ae608a3bb140ff2f009?s=96&d=mm&r=g\",\"contentUrl\":\"https:\\\/\\\/secure.gravatar.com\\\/avatar\\\/cd327038a3101a7b52dc4fc9dcffb6996453169e342a7ae608a3bb140ff2f009?s=96&d=mm&r=g\",\"caption\":\"admin\"},\"url\":\"https:\\\/\\\/marinaveracruz.net\\\/?author=1\"}]}<\/script>\n<!-- \/ Yoast SEO plugin. -->","yoast_head_json":{"title":"ESPECIAL SAN JOS\u00c9: PATRONO DE LA IGLESIA UNIVERSAL. - ENTRE EL CIELO Y LA TIERRA.","description":"ESPECIAL SAN JOS\u00c9: PATRONO DE LA IGLESIA UNIVERSAL. Especial sobre San Jos\u00e9, patrono de la Iglesia Universal.","robots":{"index":"index","follow":"follow","max-snippet":"max-snippet:-1","max-image-preview":"max-image-preview:large","max-video-preview":"max-video-preview:-1"},"canonical":"https:\/\/marinaveracruz.net\/?p=152","og_locale":"es_ES","og_type":"article","og_title":"ESPECIAL SAN JOS\u00c9: PATRONO DE LA IGLESIA UNIVERSAL. - ENTRE EL CIELO Y LA TIERRA.","og_description":"ESPECIAL SAN JOS\u00c9: PATRONO DE LA IGLESIA UNIVERSAL. Especial sobre San Jos\u00e9, patrono de la Iglesia Universal.","og_url":"https:\/\/marinaveracruz.net\/?p=152","og_site_name":"ENTRE EL CIELO Y LA TIERRA.","article_published_time":"2026-08-26T18:18:21+00:00","article_modified_time":"2026-08-26T18:18:24+00:00","og_image":[{"width":960,"height":720,"url":"https:\/\/marinaveracruz.net\/wp-content\/uploads\/2021\/05\/Diapositiva14.jpg","type":"image\/jpeg"}],"author":"admin","twitter_card":"summary_large_image","twitter_misc":{"Escrito por":"admin","Tiempo de lectura":"5 minutos"},"schema":{"@context":"https:\/\/schema.org","@graph":[{"@type":"Article","@id":"https:\/\/marinaveracruz.net\/?p=152#article","isPartOf":{"@id":"https:\/\/marinaveracruz.net\/?p=152"},"author":{"name":"admin","@id":"http:\/\/marinaveracruz.net\/#\/schema\/person\/6aa31df2d63ac6c656ebb4adda67bc1c"},"headline":"ESPECIAL SAN JOS\u00c9: PATRONO DE LA IGLESIA UNIVERSAL.","datePublished":"2026-08-26T18:18:21+00:00","dateModified":"2026-08-26T18:18:24+00:00","mainEntityOfPage":{"@id":"https:\/\/marinaveracruz.net\/?p=152"},"wordCount":911,"commentCount":0,"image":{"@id":"https:\/\/marinaveracruz.net\/?p=152#primaryimage"},"thumbnailUrl":"http:\/\/marinaveracruz.net\/wp-content\/uploads\/2021\/05\/Diapositiva14-300x225.jpg","keywords":["CARTA APOST\u00d3LICA PATRIS CORDE DEL PAPA FRANCISCO: 150 A\u00d1OS DE SAN JOS\u00c9 COMO PATRONO DE LA IGLESIA UNIVERSAL","Especial San Jos\u00e9","San Jos\u00e9","SANTA TERESA DE JES\u00daS: GRAN DEVOTA DE SAN JOS\u00c9"],"articleSection":["cristianismo","Jesucristo","San Jos\u00e9"],"inLanguage":"es","potentialAction":[{"@type":"CommentAction","name":"Comment","target":["https:\/\/marinaveracruz.net\/?p=152#respond"]}]},{"@type":"WebPage","@id":"https:\/\/marinaveracruz.net\/?p=152","url":"https:\/\/marinaveracruz.net\/?p=152","name":"ESPECIAL SAN JOS\u00c9: PATRONO DE LA IGLESIA UNIVERSAL. - ENTRE EL CIELO Y LA TIERRA.","isPartOf":{"@id":"http:\/\/marinaveracruz.net\/#website"},"primaryImageOfPage":{"@id":"https:\/\/marinaveracruz.net\/?p=152#primaryimage"},"image":{"@id":"https:\/\/marinaveracruz.net\/?p=152#primaryimage"},"thumbnailUrl":"http:\/\/marinaveracruz.net\/wp-content\/uploads\/2021\/05\/Diapositiva14-300x225.jpg","datePublished":"2026-08-26T18:18:21+00:00","dateModified":"2026-08-26T18:18:24+00:00","author":{"@id":"http:\/\/marinaveracruz.net\/#\/schema\/person\/6aa31df2d63ac6c656ebb4adda67bc1c"},"description":"ESPECIAL SAN JOS\u00c9: PATRONO DE LA IGLESIA UNIVERSAL. Especial sobre San Jos\u00e9, patrono de la Iglesia Universal.","breadcrumb":{"@id":"https:\/\/marinaveracruz.net\/?p=152#breadcrumb"},"inLanguage":"es","potentialAction":[{"@type":"ReadAction","target":["https:\/\/marinaveracruz.net\/?p=152"]}]},{"@type":"ImageObject","inLanguage":"es","@id":"https:\/\/marinaveracruz.net\/?p=152#primaryimage","url":"https:\/\/marinaveracruz.net\/wp-content\/uploads\/2021\/05\/Diapositiva14.jpg","contentUrl":"https:\/\/marinaveracruz.net\/wp-content\/uploads\/2021\/05\/Diapositiva14.jpg","width":960,"height":720},{"@type":"BreadcrumbList","@id":"https:\/\/marinaveracruz.net\/?p=152#breadcrumb","itemListElement":[{"@type":"ListItem","position":1,"name":"Portada","item":"http:\/\/marinaveracruz.net\/"},{"@type":"ListItem","position":2,"name":"ESPECIAL SAN JOS\u00c9: PATRONO DE LA IGLESIA UNIVERSAL."}]},{"@type":"WebSite","@id":"http:\/\/marinaveracruz.net\/#website","url":"http:\/\/marinaveracruz.net\/","name":"ENTRE EL CIELO Y LA TIERRA.","description":"P\u00e1gina de Francisco Baena Calvo.","potentialAction":[{"@type":"SearchAction","target":{"@type":"EntryPoint","urlTemplate":"http:\/\/marinaveracruz.net\/?s={search_term_string}"},"query-input":{"@type":"PropertyValueSpecification","valueRequired":true,"valueName":"search_term_string"}}],"inLanguage":"es"},{"@type":"Person","@id":"http:\/\/marinaveracruz.net\/#\/schema\/person\/6aa31df2d63ac6c656ebb4adda67bc1c","name":"admin","image":{"@type":"ImageObject","inLanguage":"es","@id":"https:\/\/secure.gravatar.com\/avatar\/cd327038a3101a7b52dc4fc9dcffb6996453169e342a7ae608a3bb140ff2f009?s=96&d=mm&r=g","url":"https:\/\/secure.gravatar.com\/avatar\/cd327038a3101a7b52dc4fc9dcffb6996453169e342a7ae608a3bb140ff2f009?s=96&d=mm&r=g","contentUrl":"https:\/\/secure.gravatar.com\/avatar\/cd327038a3101a7b52dc4fc9dcffb6996453169e342a7ae608a3bb140ff2f009?s=96&d=mm&r=g","caption":"admin"},"url":"https:\/\/marinaveracruz.net\/?author=1"}]}},"_links":{"self":[{"href":"https:\/\/marinaveracruz.net\/index.php?rest_route=\/wp\/v2\/posts\/152","targetHints":{"allow":["GET"]}}],"collection":[{"href":"https:\/\/marinaveracruz.net\/index.php?rest_route=\/wp\/v2\/posts"}],"about":[{"href":"https:\/\/marinaveracruz.net\/index.php?rest_route=\/wp\/v2\/types\/post"}],"author":[{"embeddable":true,"href":"https:\/\/marinaveracruz.net\/index.php?rest_route=\/wp\/v2\/users\/1"}],"replies":[{"embeddable":true,"href":"https:\/\/marinaveracruz.net\/index.php?rest_route=%2Fwp%2Fv2%2Fcomments&post=152"}],"version-history":[{"count":11,"href":"https:\/\/marinaveracruz.net\/index.php?rest_route=\/wp\/v2\/posts\/152\/revisions"}],"predecessor-version":[{"id":2017,"href":"https:\/\/marinaveracruz.net\/index.php?rest_route=\/wp\/v2\/posts\/152\/revisions\/2017"}],"wp:attachment":[{"href":"https:\/\/marinaveracruz.net\/index.php?rest_route=%2Fwp%2Fv2%2Fmedia&parent=152"}],"wp:term":[{"taxonomy":"category","embeddable":true,"href":"https:\/\/marinaveracruz.net\/index.php?rest_route=%2Fwp%2Fv2%2Fcategories&post=152"},{"taxonomy":"post_tag","embeddable":true,"href":"https:\/\/marinaveracruz.net\/index.php?rest_route=%2Fwp%2Fv2%2Ftags&post=152"}],"curies":[{"name":"wp","href":"https:\/\/api.w.org\/{rel}","templated":true}]}}