{"id":1027,"date":"2026-08-26T18:24:38","date_gmt":"2026-08-26T18:24:38","guid":{"rendered":"http:\/\/marinaveracruz.net\/?p=1027"},"modified":"2026-08-26T18:24:42","modified_gmt":"2026-08-26T18:24:42","slug":"especial-tiempo-de-adviento-2025","status":"publish","type":"post","link":"https:\/\/marinaveracruz.net\/?p=1027","title":{"rendered":"ESPECIAL: TIEMPO DE ADVIENTO-2026."},"content":{"rendered":"<p><script async=\"\" src=\"https:\/\/pagead2.googlesyndication.com\/pagead\/js\/adsbygoogle.js\"><\/script><br \/>\n<!-- marina10 adaptable --><br \/>\n<ins class=\"adsbygoogle\" style=\"display: block;\" data-ad-client=\"ca-pub-9439478559683170\" data-ad-slot=\"9761953228\" data-ad-format=\"auto\" data-full-width-responsive=\"true\"><\/ins><br \/>\n<script><br \/>\n     (adsbygoogle = window.adsbygoogle || []).push({});<br \/>\n<\/script><\/p>\n<div style=\"text-align: center;\"><span style=\"font-size: large; text-align: justify;\"><br \/>\n<\/span><br \/>\n<span style=\"font-size: large; text-align: justify;\"><span style=\"font-size: large; text-align: justify;\"><span style=\"text-align: center;\"><b><br \/>\n<\/b><\/span><\/span><\/span><\/p>\n<div style=\"text-align: justify;\">\n<div style=\"text-align: justify;\">\n<h1>ESPECIAL: TIEMPO DE ADVIENTO-2026.<\/h1>\n<h1><\/h1>\n<h1 style=\"text-align: center;\"><a href=\"http:\/\/marinaveracruz.net\/?attachment_id=400\" rel=\"attachment wp-att-400\"><img loading=\"lazy\" decoding=\"async\" class=\"wp-image-400 aligncenter\" src=\"http:\/\/marinaveracruz.net\/wp-content\/uploads\/2021\/11\/DSC_0007-300x200.jpg\" alt=\"\" width=\"378\" height=\"252\" srcset=\"https:\/\/marinaveracruz.net\/wp-content\/uploads\/2021\/11\/DSC_0007-300x200.jpg 300w, https:\/\/marinaveracruz.net\/wp-content\/uploads\/2021\/11\/DSC_0007-1024x683.jpg 1024w, https:\/\/marinaveracruz.net\/wp-content\/uploads\/2021\/11\/DSC_0007-768x512.jpg 768w, https:\/\/marinaveracruz.net\/wp-content\/uploads\/2021\/11\/DSC_0007-1536x1024.jpg 1536w, https:\/\/marinaveracruz.net\/wp-content\/uploads\/2021\/11\/DSC_0007-2048x1365.jpg 2048w\" sizes=\"auto, (max-width: 378px) 85vw, 378px\" \/><\/a><\/h1>\n<h1 style=\"text-align: center;\"><\/h1>\n<\/div>\n<\/div>\n<h3 class=\"separator\" style=\"clear: both; text-align: center;\">ESPECIAL: TIEMPO DE ADVIENTO-2025. Un especial para el tiempo lit\u00fargico del Adviento para el a\u00f1o 2026. Encontrar\u00e1s material adecuado.<\/h3>\n<div class=\"separator\" style=\"clear: both; text-align: center;\">\n<h3 style=\"text-align: left;\"><strong><em>El A\u00f1o lit\u00fargico empieza con el Tiempo de Adviento: tiempo estupendo en el que se despierta en los corazones la espera de la vuelta de Cristo y la memoria de su primera venida, cuando se despoj\u00f3 de su gloria divina para asumir nuestra carne mortal (Benedicto XVI. Mensaje de Adviento 2011).<\/em><\/strong><\/h3>\n<div style=\"text-align: center;\">\n<div class=\"separator\" style=\"clear: both; text-align: center;\"><\/div>\n<div class=\"separator\" style=\"clear: both; text-align: center;\">\n<div style=\"text-align: center;\"><\/div>\n<\/div>\n<\/div>\n<p><strong><em><!--more--><\/em><\/strong><\/p>\n<div><\/div>\n<div>\n<div style=\"text-align: justify;\"><\/div>\n<\/div>\n<div style=\"text-align: center;\">\n<div class=\"separator\" style=\"clear: both; text-align: center;\"><\/div>\n<\/div>\n<\/div>\n<div class=\"separator\" style=\"clear: both; text-align: center;\">\n<h3 style=\"text-align: left;\"><strong><em>\u00a0 \u00a0 \u00a0El Adviento es un tiempo especial de gracia y de una invitaci\u00f3n a reconocer las \u201cVenidas del Se\u00f1or\u201d.<\/em><\/strong><\/h3>\n<ol style=\"text-align: left;\">\n<li>\n<h3><strong><em>\u00a0 \u00a0 a) El Adviento es un tiempo para\u00a0\u201cRECORDAR\u201d: El Se\u00f1or vino y \u201cacamp\u00f3 entre nosotros\u201d. Cuando nosotros hoy celebramos el Adviento y centramos nuestra mirada en la espera y la preparaci\u00f3n de la venida de Jes\u00fas, quiere decir que miramos hacia atr\u00e1s, hacia aquel acontecimiento transcendental y lo queremos revivir con toda la intensidad.<\/em><\/strong><\/h3>\n<\/li>\n<\/ol>\n<h3 style=\"text-align: left;\"><strong><em>\u00a0 \u00a0 \u00a0En Adviento nos preparamos para celebrar este hecho decisivo: Dios se ha hecho hombre, Dios ha venido a vivir nuestra misma vida, Dios ha entrado en nuestra historia y ha abierto un camino de liberaci\u00f3n, Dios ha hecho suya nuestra debilidad. Para poder celebrar intensamente este hecho decisivo, lo que la Navidad significa, tenemos que despertar en nosotros una actitud de espera, de deseo de la venida del Se\u00f1or.<\/em><\/strong><\/h3>\n<ol style=\"text-align: left;\">\n<li>\n<h3><strong><em>\u00a0 \u00a0 \u00a0b) El Adviento es un tiempo para\u00a0\u201cCELEBRAR\u201d: El Se\u00f1or viene en la Iglesia por medio del Esp\u00edritu Santo.<\/em><\/strong><\/h3>\n<\/li>\n<li>\n<h3><strong><em>\u00a0 \u00a0 c) El Adviento es un tiempo para \u201cESPERAR\u201d: El Se\u00f1or vendr\u00e1 al final de los tiempos en el que Dios ser\u00e1 todo en todos.<\/em><\/strong><\/h3>\n<\/li>\n<\/ol>\n<h3 style=\"text-align: left;\"><\/h3>\n<h2>Pulsa en estos enlaces.<\/h2>\n<h3><strong><a href=\"https:\/\/seducidosporjesus.blogspot.com\/2017\/11\/que-llega-el-adviento-salid-recibirlo.html\">1.-Que llega el Adviento.<\/a><\/strong><\/h3>\n<h3><strong><a href=\"https:\/\/seducidosporjesus.blogspot.com\/2017\/12\/adviento-tiempo-de-esperanza.html\">2.-Adviento es tiempo de esperanza<\/a><\/strong><\/h3>\n<h3><strong><a href=\"https:\/\/seducidosporjesus.blogspot.com\/2017\/12\/consejos-y-actitudes-para-vivir-en-el.html\">3.-Consejos y actitudes para vivir el Adviento.<\/a><\/strong><\/h3>\n<h3><\/h3>\n<h3><strong><a href=\"https:\/\/seducidosporjesus.blogspot.com\/2018\/12\/el-adviento-nos-envuelve.html\">4.-El Adviento nos envuelve.<\/a><\/strong><\/h3>\n<h3><strong><a href=\"https:\/\/seducidosporjesus.blogspot.com\/2019\/12\/quince-mensajes-en-twitter-del-papa.html\">5.-Quince mensajes en twitter del Papa Francisco sobre el Adviento.<\/a><\/strong><\/h3>\n<h3><strong><a href=\"https:\/\/seducidosporjesus.blogspot.com\/2017\/12\/maria-de-nazaret-virgen-inmaculada.html\">6.-Mar\u00eda de Nazaret: Virgen Inmaculada.<\/a><\/strong><\/h3>\n<h3><strong><br \/>\n<\/strong><strong><a href=\"https:\/\/seducidosporjesus.blogspot.com\/2019\/12\/10-mensajes-sugerentes-para-el-adviento.html\">7.-Diez mensajes sugerentes para el Adviento cristiano<\/a><\/strong><\/h3>\n<h3><\/h3>\n<h3><strong><a href=\"https:\/\/seducidosporjesus.blogspot.com\/2018\/12\/consejos-del-papa-francisco-para-vivir.html\">8.-Consejos del Papa Francisco para vivir el Adviento.<\/a><\/strong><\/h3>\n<h3><strong><a href=\"https:\/\/seducidosporjesus.blogspot.com\/2017\/11\/el-profeta-isaias-primer-modelo-del.html\">9.-El profeta Isa\u00edas: Primer modelo del Adviento.\u00a0<\/a><\/strong><\/h3>\n<h3><\/h3>\n<h3><a href=\"https:\/\/seducidosporjesus.blogspot.com\/2017\/11\/juan-bautista-segundo-modelo-del.html\"><strong>10.-Juan Bautista: Segundo modelo del Adviento.\u00a0<\/strong><\/a><\/h3>\n<h3><\/h3>\n<h3><strong><a href=\"https:\/\/seducidosporjesus.blogspot.com\/2017\/12\/maria-de-nazaret-tercer-modelo-del.html\">11.-Mar\u00eda de Nazaret: Tercer modelo del Adviento.\u00a0<\/a><\/strong><\/h3>\n<h3><strong><a href=\"https:\/\/seducidosporjesus.blogspot.com\/2020\/12\/que-significa-la-llamada-la-vigilancia.html\">12.-\u00bfQu\u00e9 significa la llamada a la vigilancia durante el Adviento?<\/a><\/strong><\/h3>\n<h3><strong><a href=\"https:\/\/seducidosporjesus.blogspot.com\/2020\/12\/retiro-en-el-adviento-2020.html\">13.-RETIRO EN EL ADVIENTO 2020<\/a><\/strong><\/h3>\n<h3><\/h3>\n<\/div>\n<\/div>\n<div style=\"text-align: center;\">\n<div style=\"text-align: justify;\">\n<div style=\"text-align: center;\">\n<div style=\"text-align: justify;\">\n<div style=\"font-stretch: normal; line-height: 1.5em; margin: 0.5em 0px; padding: 0em;\">\n<div style=\"text-align: center;\">\n<div style=\"text-align: justify;\">\n<div style=\"text-align: center;\">\n<div style=\"line-height: normal; margin: 0cm 0cm 10pt; text-align: justify;\">\n<div style=\"text-align: justify;\">\n<div style=\"text-align: center;\">\n<div style=\"font-stretch: normal; line-height: 1.5em; margin-bottom: 0.5em; margin-top: 0.5em; padding: 0em; text-align: justify;\">\n<div style=\"line-height: normal; margin: 0cm 0cm 10pt;\">\n<div style=\"text-align: justify;\">\n<div style=\"text-align: center;\">\n<div style=\"text-align: justify;\">\n<div style=\"text-align: center;\">\n<div style=\"line-height: normal; margin: 0cm 0cm 10pt; text-align: justify;\">\n<div style=\"text-align: center;\">\n<div>\n<div>\n<div style=\"text-align: justify;\">\n<div style=\"text-align: center;\">\n<div style=\"text-align: justify;\">\n<div style=\"font-stretch: normal; line-height: 1.5em; margin: 0.5em 0px; padding: 0em;\">\n<div style=\"text-align: center;\">\n<div style=\"text-align: justify;\">\n<div style=\"text-align: center;\">\n<div style=\"line-height: normal; margin: 0cm 0cm 10pt; text-align: justify;\">\n<div style=\"text-align: justify;\">\n<div style=\"text-align: center;\">\n<div style=\"font-stretch: normal; line-height: 1.5em; margin-bottom: 0.5em; margin-top: 0.5em; padding: 0em; text-align: justify;\">\n<div style=\"line-height: normal; margin: 0cm 0cm 10pt;\">\n<div style=\"text-align: justify;\">\n<div style=\"text-align: center;\">\n<div style=\"text-align: justify;\">\n<div style=\"text-align: center;\">\n<div style=\"line-height: normal; margin: 0cm 0cm 10pt; text-align: justify;\">\n<div style=\"text-align: center;\"><\/div>\n<\/div>\n<\/div>\n<\/div>\n<\/div>\n<\/div>\n<\/div>\n<\/div>\n<\/div>\n<\/div>\n<\/div>\n<\/div>\n<\/div>\n<\/div>\n<\/div>\n<\/div>\n<\/div>\n<\/div>\n<\/div>\n<\/div>\n<div><\/div>\n<\/div>\n<\/div>\n<\/div>\n<p><span style=\"font-family: arial; font-size: large;\"><script async=\"\" src=\"\/\/pagead2.googlesyndication.com\/pagead\/js\/adsbygoogle.js\"><\/script><br \/>\n<\/span><span style=\"font-family: arial; font-size: large;\"><script><br \/>\n(adsbygoogle = window.adsbygoogle || []).push({});<br \/>\n<\/script><\/span><\/p>\n<\/div>\n<\/div>\n<\/div>\n<\/div>\n<\/div>\n<\/div>\n<\/div>\n<\/div>\n<\/div>\n<\/div>\n<\/div>\n<\/div>\n<\/div>\n<\/div>\n<\/div>\n<\/div>\n<div class=\"MsoNormal\">\n<div class=\"MsoNormal\">\n<div class=\"MsoNormal\">\n<div id=\"BodyNoti\" style=\"margin: 0px; padding: 0px; text-align: start;\">\n<div class=\"mce\" style=\"line-height: 20px; margin-bottom: 31px; padding: 0px;\">\n<div style=\"text-align: justify;\">\n<div style=\"text-align: justify;\">\n<div style=\"text-align: justify;\">\n<div style=\"text-align: justify;\">\n<div style=\"text-align: justify;\">\n<div style=\"text-align: justify;\">\n<div style=\"text-align: justify;\">\n<div style=\"text-align: justify;\">\n<div style=\"text-align: justify;\">\n<div>\n<div style=\"text-align: center;\">\n<div style=\"text-align: justify;\">\n<div style=\"font-stretch: normal; line-height: 1.5em; margin: 0.5em 0px; padding: 0em;\">\n<div style=\"color: #666666; font-stretch: normal; line-height: 1.5em; margin-bottom: 0.5em; margin-top: 0.5em; padding: 0em;\">\n<div style=\"color: black; text-align: center;\">\n<div style=\"text-align: justify;\"><\/div>\n<\/div>\n<\/div>\n<\/div>\n<div style=\"font-stretch: normal; line-height: 1.5em; margin: 0.5em 0px; padding: 0em;\">\n<div style=\"font-stretch: normal; line-height: 1.5em; margin-bottom: 0.5em; margin-top: 0.5em; padding: 0em;\">\n<div style=\"font-stretch: normal; line-height: 1.5em; margin-bottom: 0.5em; margin-top: 0.5em; padding: 0em;\">\n<div style=\"text-align: center;\">\n<div style=\"text-align: justify;\">\n<div data-original-attrs=\"{&quot;style&quot;:&quot;&quot;}\">\n<div data-original-attrs=\"{&quot;style&quot;:&quot;&quot;}\">\n<div data-original-attrs=\"{&quot;style&quot;:&quot;&quot;}\">\n<div data-original-attrs=\"{&quot;style&quot;:&quot;&quot;}\"><\/div>\n<\/div>\n<\/div>\n<\/div>\n<div data-original-attrs=\"{&quot;style&quot;:&quot;&quot;}\">\n<div data-original-attrs=\"{&quot;style&quot;:&quot;&quot;}\">\n<div data-original-attrs=\"{&quot;style&quot;:&quot;&quot;}\">\n<h3 data-original-attrs=\"{&quot;style&quot;:&quot;&quot;}\">UN RAMILLETE DE <span style=\"font-size: 18.72px;\">V\u00cdDEOS<\/span> SOBRE EL ADVIENTO<\/h3>\n<p data-original-attrs=\"{&quot;style&quot;:&quot;&quot;}\"><iframe loading=\"lazy\" title=\"YouTube video player\" src=\"https:\/\/www.youtube.com\/embed\/videoseries?list=PLw0G1zJFe6uSILIEJZQNwsVxwIOk_E0m9\" width=\"560\" height=\"315\" frameborder=\"0\" allowfullscreen=\"allowfullscreen\"><\/iframe><\/p>\n<\/div>\n<div data-original-attrs=\"{&quot;style&quot;:&quot;&quot;}\">\n<p data-original-attrs=\"{&quot;style&quot;:&quot;&quot;}\">\n<\/div>\n<\/div>\n<\/div>\n<\/div>\n<\/div>\n<\/div>\n<\/div>\n<\/div>\n<\/div>\n<\/div>\n<\/div>\n<div style=\"text-align: center;\">\n<div style=\"-webkit-text-stroke-width: 0px;\">\n<div style=\"margin: 0px;\"><\/div>\n<\/div>\n<p><span style=\"font-family: arial; font-size: large;\"><script async=\"\" src=\"https:\/\/pagead2.googlesyndication.com\/pagead\/js\/adsbygoogle.js\"><br \/>\n<script async src=\"https:\/\/pagead2.googlesyndication.com\/pagead\/js\/adsbygoogle.js\"><\/script><br \/>\n<!-- marina12 adaptable --><br \/>\n<ins class=\"adsbygoogle\" style=\"display: block;\" data-ad-client=\"ca-pub-9439478559683170\" data-ad-slot=\"7191630203\" data-ad-format=\"auto\" data-full-width-responsive=\"true\"><\/ins><br \/>\n<script><br \/>\n     (adsbygoogle = window.adsbygoogle || []).push({});<br \/>\n<\/script><br \/>\n<\/span><\/p>\n<div style=\"text-align: start;\"><span style=\"font-family: arial; font-size: large;\">\u00a0<\/span><\/div>\n<div style=\"text-align: start;\">\n<div style=\"text-align: justify;\">\n<div class=\"MsoNormal\" style=\"text-align: center;\">\n<div id=\"id_581df1fab5e932000890749\" class=\"text_exposed_root text_exposed\" style=\"text-align: start;\">\n<div class=\"text_exposed_show\" style=\"text-align: center;\">\n<div class=\"text_exposed_show\" style=\"text-align: center;\"><span style=\"font-family: arial; font-size: large;\"><span style=\"font-family: arial; font-size: large;\">\u00a0<strong> CONOCE MIS LIBROS EN BUBOK<\/strong><\/span><\/span><strong><ins class=\"adsbygoogle\" style=\"display: block;\" data-ad-client=\"ca-pub-9439478559683170\" data-ad-format=\"auto\" data-ad-slot=\"7369428171\" data-full-width-responsive=\"true\"><\/ins><span style=\"font-family: arial; font-size: large;\"><br \/>\n<\/span><\/strong><\/p>\n<div class=\"MsoNormal\" style=\"text-align: center;\"><strong><span style=\"font-family: arial; font-size: large;\"><span style=\"font-family: arial; font-size: large;\"><span style=\"box-sizing: border-box; color: #990000; outline: 5px;\"><a style=\"background-color: #cfe2f3; box-sizing: border-box; outline: 5px;\" href=\"https:\/\/www.bubok.es\/autores\/sembradordeversos\">P\u00c1GINA DE FRANCISCO BAENA CALVO EN BUBOK<\/a><\/span><\/span><\/span><\/strong><\/div>\n<div class=\"MsoNormal\" style=\"text-align: center;\"><strong><span style=\"font-family: arial; font-size: large;\"><span style=\"line-height: 18.4px;\">Canal de Francisco Baena Calvo.<\/span><br \/>\n<span style=\"line-height: 18.4px;\"><br \/>\n<\/span><span style=\"line-height: 18.4px;\"><span style=\"color: red;\"><a style=\"background-color: #cfe2f3;\" href=\"https:\/\/www.youtube.com\/user\/franbacalvo\">CANAL DE FRANCISCO BAENA CALVO EN YOUTUBE<\/a><\/span><\/span><br \/>\n<span style=\"line-height: 18.4px;\"><br \/>\n<\/span><\/span><\/strong><\/div>\n<div class=\"MsoNormal\" style=\"text-align: center;\"><strong><span style=\"font-family: arial; font-size: large;\"><span style=\"line-height: 18.4px;\">Me gustar\u00eda que te suscribieras a mi canal:\u00a0<\/span><br \/>\n<span style=\"line-height: 18.4px;\"><br \/>\n<\/span><\/span><\/strong><\/div>\n<div class=\"MsoNormal\" style=\"text-align: center;\"><strong><span style=\"line-height: 18.4px;\"><span style=\"font-family: arial; font-size: large;\">Conoce mi p\u00e1gina web:<span style=\"background-color: #cfe2f3;\">\u00a0<a href=\"http:\/\/www.marinaveracruz.net\/\">www.marinaveracruz.net<\/a><\/span><\/span><\/span><\/strong><\/div>\n<\/div>\n<\/div>\n<div class=\"text_exposed_show\">\n<div style=\"text-align: center;\"><\/div>\n<\/div>\n<\/div>\n<\/div>\n<\/div>\n<\/div>\n<\/div>\n<\/div>\n<\/div>\n<\/div>\n<\/div>\n<\/div>\n<\/div>\n<\/div>\n<\/div>\n<\/div>\n<\/div>\n<\/div>\n<\/div>\n<\/div>\n<\/div>\n<div style=\"text-align: center;\">\n<div style=\"text-align: start;\">\n<div style=\"text-align: justify;\">\n<div class=\"MsoNormal\" style=\"text-align: center;\">\n<div id=\"id_581df1fab5e932000890749\" class=\"text_exposed_root text_exposed\" style=\"text-align: start;\">\n<div class=\"text_exposed_show\" style=\"text-align: center;\">\n<div class=\"text_exposed_show\" style=\"text-align: start;\"><\/div>\n<\/div>\n<div class=\"text_exposed_show\">\n<div style=\"text-align: center;\"><\/div>\n<\/div>\n<\/div>\n<\/div>\n<\/div>\n<\/div>\n<\/div>\n<p><strong><script async=\"\" src=\"https:\/\/pagead2.googlesyndication.com\/pagead\/js\/adsbygoogle.js\"><\/script><\/strong><br \/>\n<strong><!-- marina16 adapt --><\/strong><br \/>\n<ins class=\"adsbygoogle\" style=\"display: block;\" data-ad-client=\"ca-pub-9439478559683170\" data-ad-slot=\"6574677053\" data-ad-format=\"auto\" data-full-width-responsive=\"true\"><\/ins><br \/>\n<script><br \/>\n     (adsbygoogle = window.adsbygoogle || []).push({});<br \/>\n<\/script><\/p>\n<!--CusAds0-->\n<div style=\"font-size: 0px; height: 0px; line-height: 0px; margin: 0; padding: 0; clear: both;\"><\/div>","protected":false},"excerpt":{"rendered":"<p>ESPECIAL: TIEMPO DE ADVIENTO-2026. ESPECIAL: TIEMPO DE ADVIENTO-2025. Un especial para el tiempo lit\u00fargico del Adviento para el a\u00f1o 2026. Encontrar\u00e1s material adecuado. El A\u00f1o lit\u00fargico empieza con el Tiempo de Adviento: tiempo estupendo en el que se despierta en los corazones la espera de la vuelta de Cristo y la memoria de su primera &hellip; <a href=\"https:\/\/marinaveracruz.net\/?p=1027\" class=\"more-link\">Continuar leyendo<span class=\"screen-reader-text\"> \u00abESPECIAL: TIEMPO DE ADVIENTO-2026.\u00bb<\/span><\/a><\/p>\n","protected":false},"author":1,"featured_media":0,"comment_status":"open","ping_status":"closed","sticky":false,"template":"","format":"standard","meta":{"_acf_changed":false,"_bos_mb_destination":[""],"footnotes":""},"categories":[1],"tags":[],"class_list":["post-1027","post","type-post","status-publish","format-standard","hentry","category-uncategorized"],"acf":[],"yoast_head":"<!-- This site is optimized with the Yoast SEO plugin v28.3 - https:\/\/yoast.com\/product\/yoast-seo-wordpress\/ -->\n<title>ESPECIAL: TIEMPO DE ADVIENTO-2026. - ENTRE EL CIELO Y LA TIERRA.<\/title>\n<meta name=\"description\" content=\"ESPECIAL: TIEMPO DE ADVIENTO-2025. \u00a0El Adviento es un tiempo especial de gracia y de una invitaci\u00f3n a reconocer las \u201cVenidas del Se\u00f1or\u201d.\" \/>\n<meta name=\"robots\" content=\"index, follow, max-snippet:-1, max-image-preview:large, max-video-preview:-1\" \/>\n<link rel=\"canonical\" href=\"https:\/\/marinaveracruz.net\/?p=1027\" \/>\n<meta property=\"og:locale\" content=\"es_ES\" \/>\n<meta property=\"og:type\" content=\"article\" \/>\n<meta property=\"og:title\" content=\"ESPECIAL: TIEMPO DE ADVIENTO-2026. - ENTRE EL CIELO Y LA TIERRA.\" \/>\n<meta property=\"og:description\" content=\"ESPECIAL: TIEMPO DE ADVIENTO-2025. \u00a0El Adviento es un tiempo especial de gracia y de una invitaci\u00f3n a reconocer las \u201cVenidas del Se\u00f1or\u201d.\" \/>\n<meta property=\"og:url\" content=\"https:\/\/marinaveracruz.net\/?p=1027\" \/>\n<meta property=\"og:site_name\" content=\"ENTRE EL CIELO Y LA TIERRA.\" \/>\n<meta property=\"article:published_time\" content=\"2026-08-26T18:24:38+00:00\" \/>\n<meta property=\"article:modified_time\" content=\"2026-08-26T18:24:42+00:00\" \/>\n<meta property=\"og:image\" content=\"https:\/\/marinaveracruz.net\/wp-content\/uploads\/2021\/11\/DSC_0007-scaled.jpg\" \/>\n\t<meta property=\"og:image:width\" content=\"2560\" \/>\n\t<meta property=\"og:image:height\" content=\"1707\" \/>\n\t<meta property=\"og:image:type\" content=\"image\/jpeg\" \/>\n<meta name=\"author\" content=\"admin\" \/>\n<meta name=\"twitter:card\" content=\"summary_large_image\" \/>\n<meta name=\"twitter:label1\" content=\"Escrito por\" \/>\n\t<meta name=\"twitter:data1\" content=\"admin\" \/>\n\t<meta name=\"twitter:label2\" content=\"Tiempo de lectura\" \/>\n\t<meta name=\"twitter:data2\" content=\"2 minutos\" \/>\n<script type=\"application\/ld+json\" class=\"yoast-schema-graph\">{\"@context\":\"https:\\\/\\\/schema.org\",\"@graph\":[{\"@type\":\"Article\",\"@id\":\"https:\\\/\\\/marinaveracruz.net\\\/?p=1027#article\",\"isPartOf\":{\"@id\":\"https:\\\/\\\/marinaveracruz.net\\\/?p=1027\"},\"author\":{\"name\":\"admin\",\"@id\":\"http:\\\/\\\/marinaveracruz.net\\\/#\\\/schema\\\/person\\\/6aa31df2d63ac6c656ebb4adda67bc1c\"},\"headline\":\"ESPECIAL: TIEMPO DE ADVIENTO-2026.\",\"datePublished\":\"2026-08-26T18:24:38+00:00\",\"dateModified\":\"2026-08-26T18:24:42+00:00\",\"mainEntityOfPage\":{\"@id\":\"https:\\\/\\\/marinaveracruz.net\\\/?p=1027\"},\"wordCount\":418,\"commentCount\":0,\"image\":{\"@id\":\"https:\\\/\\\/marinaveracruz.net\\\/?p=1027#primaryimage\"},\"thumbnailUrl\":\"http:\\\/\\\/marinaveracruz.net\\\/wp-content\\\/uploads\\\/2021\\\/11\\\/DSC_0007-300x200.jpg\",\"articleSection\":[\"Uncategorized\"],\"inLanguage\":\"es\",\"potentialAction\":[{\"@type\":\"CommentAction\",\"name\":\"Comment\",\"target\":[\"https:\\\/\\\/marinaveracruz.net\\\/?p=1027#respond\"]}]},{\"@type\":\"WebPage\",\"@id\":\"https:\\\/\\\/marinaveracruz.net\\\/?p=1027\",\"url\":\"https:\\\/\\\/marinaveracruz.net\\\/?p=1027\",\"name\":\"ESPECIAL: TIEMPO DE ADVIENTO-2026. - ENTRE EL CIELO Y LA TIERRA.\",\"isPartOf\":{\"@id\":\"http:\\\/\\\/marinaveracruz.net\\\/#website\"},\"primaryImageOfPage\":{\"@id\":\"https:\\\/\\\/marinaveracruz.net\\\/?p=1027#primaryimage\"},\"image\":{\"@id\":\"https:\\\/\\\/marinaveracruz.net\\\/?p=1027#primaryimage\"},\"thumbnailUrl\":\"http:\\\/\\\/marinaveracruz.net\\\/wp-content\\\/uploads\\\/2021\\\/11\\\/DSC_0007-300x200.jpg\",\"datePublished\":\"2026-08-26T18:24:38+00:00\",\"dateModified\":\"2026-08-26T18:24:42+00:00\",\"author\":{\"@id\":\"http:\\\/\\\/marinaveracruz.net\\\/#\\\/schema\\\/person\\\/6aa31df2d63ac6c656ebb4adda67bc1c\"},\"description\":\"ESPECIAL: TIEMPO DE ADVIENTO-2025. \u00a0El Adviento es un tiempo especial de gracia y de una invitaci\u00f3n a reconocer las \u201cVenidas del Se\u00f1or\u201d.\",\"breadcrumb\":{\"@id\":\"https:\\\/\\\/marinaveracruz.net\\\/?p=1027#breadcrumb\"},\"inLanguage\":\"es\",\"potentialAction\":[{\"@type\":\"ReadAction\",\"target\":[\"https:\\\/\\\/marinaveracruz.net\\\/?p=1027\"]}]},{\"@type\":\"ImageObject\",\"inLanguage\":\"es\",\"@id\":\"https:\\\/\\\/marinaveracruz.net\\\/?p=1027#primaryimage\",\"url\":\"https:\\\/\\\/marinaveracruz.net\\\/wp-content\\\/uploads\\\/2021\\\/11\\\/DSC_0007-scaled.jpg\",\"contentUrl\":\"https:\\\/\\\/marinaveracruz.net\\\/wp-content\\\/uploads\\\/2021\\\/11\\\/DSC_0007-scaled.jpg\",\"width\":2560,\"height\":1707},{\"@type\":\"BreadcrumbList\",\"@id\":\"https:\\\/\\\/marinaveracruz.net\\\/?p=1027#breadcrumb\",\"itemListElement\":[{\"@type\":\"ListItem\",\"position\":1,\"name\":\"Portada\",\"item\":\"http:\\\/\\\/marinaveracruz.net\\\/\"},{\"@type\":\"ListItem\",\"position\":2,\"name\":\"ESPECIAL: TIEMPO DE ADVIENTO-2026.\"}]},{\"@type\":\"WebSite\",\"@id\":\"http:\\\/\\\/marinaveracruz.net\\\/#website\",\"url\":\"http:\\\/\\\/marinaveracruz.net\\\/\",\"name\":\"ENTRE EL CIELO Y LA TIERRA.\",\"description\":\"P\u00e1gina de Francisco Baena Calvo.\",\"potentialAction\":[{\"@type\":\"SearchAction\",\"target\":{\"@type\":\"EntryPoint\",\"urlTemplate\":\"http:\\\/\\\/marinaveracruz.net\\\/?s={search_term_string}\"},\"query-input\":{\"@type\":\"PropertyValueSpecification\",\"valueRequired\":true,\"valueName\":\"search_term_string\"}}],\"inLanguage\":\"es\"},{\"@type\":\"Person\",\"@id\":\"http:\\\/\\\/marinaveracruz.net\\\/#\\\/schema\\\/person\\\/6aa31df2d63ac6c656ebb4adda67bc1c\",\"name\":\"admin\",\"image\":{\"@type\":\"ImageObject\",\"inLanguage\":\"es\",\"@id\":\"https:\\\/\\\/secure.gravatar.com\\\/avatar\\\/cd327038a3101a7b52dc4fc9dcffb6996453169e342a7ae608a3bb140ff2f009?s=96&d=mm&r=g\",\"url\":\"https:\\\/\\\/secure.gravatar.com\\\/avatar\\\/cd327038a3101a7b52dc4fc9dcffb6996453169e342a7ae608a3bb140ff2f009?s=96&d=mm&r=g\",\"contentUrl\":\"https:\\\/\\\/secure.gravatar.com\\\/avatar\\\/cd327038a3101a7b52dc4fc9dcffb6996453169e342a7ae608a3bb140ff2f009?s=96&d=mm&r=g\",\"caption\":\"admin\"},\"url\":\"https:\\\/\\\/marinaveracruz.net\\\/?author=1\"}]}<\/script>\n<!-- \/ Yoast SEO plugin. -->","yoast_head_json":{"title":"ESPECIAL: TIEMPO DE ADVIENTO-2026. - ENTRE EL CIELO Y LA TIERRA.","description":"ESPECIAL: TIEMPO DE ADVIENTO-2025. \u00a0El Adviento es un tiempo especial de gracia y de una invitaci\u00f3n a reconocer las \u201cVenidas del Se\u00f1or\u201d.","robots":{"index":"index","follow":"follow","max-snippet":"max-snippet:-1","max-image-preview":"max-image-preview:large","max-video-preview":"max-video-preview:-1"},"canonical":"https:\/\/marinaveracruz.net\/?p=1027","og_locale":"es_ES","og_type":"article","og_title":"ESPECIAL: TIEMPO DE ADVIENTO-2026. - ENTRE EL CIELO Y LA TIERRA.","og_description":"ESPECIAL: TIEMPO DE ADVIENTO-2025. \u00a0El Adviento es un tiempo especial de gracia y de una invitaci\u00f3n a reconocer las \u201cVenidas del Se\u00f1or\u201d.","og_url":"https:\/\/marinaveracruz.net\/?p=1027","og_site_name":"ENTRE EL CIELO Y LA TIERRA.","article_published_time":"2026-08-26T18:24:38+00:00","article_modified_time":"2026-08-26T18:24:42+00:00","og_image":[{"width":2560,"height":1707,"url":"https:\/\/marinaveracruz.net\/wp-content\/uploads\/2021\/11\/DSC_0007-scaled.jpg","type":"image\/jpeg"}],"author":"admin","twitter_card":"summary_large_image","twitter_misc":{"Escrito por":"admin","Tiempo de lectura":"2 minutos"},"schema":{"@context":"https:\/\/schema.org","@graph":[{"@type":"Article","@id":"https:\/\/marinaveracruz.net\/?p=1027#article","isPartOf":{"@id":"https:\/\/marinaveracruz.net\/?p=1027"},"author":{"name":"admin","@id":"http:\/\/marinaveracruz.net\/#\/schema\/person\/6aa31df2d63ac6c656ebb4adda67bc1c"},"headline":"ESPECIAL: TIEMPO DE ADVIENTO-2026.","datePublished":"2026-08-26T18:24:38+00:00","dateModified":"2026-08-26T18:24:42+00:00","mainEntityOfPage":{"@id":"https:\/\/marinaveracruz.net\/?p=1027"},"wordCount":418,"commentCount":0,"image":{"@id":"https:\/\/marinaveracruz.net\/?p=1027#primaryimage"},"thumbnailUrl":"http:\/\/marinaveracruz.net\/wp-content\/uploads\/2021\/11\/DSC_0007-300x200.jpg","articleSection":["Uncategorized"],"inLanguage":"es","potentialAction":[{"@type":"CommentAction","name":"Comment","target":["https:\/\/marinaveracruz.net\/?p=1027#respond"]}]},{"@type":"WebPage","@id":"https:\/\/marinaveracruz.net\/?p=1027","url":"https:\/\/marinaveracruz.net\/?p=1027","name":"ESPECIAL: TIEMPO DE ADVIENTO-2026. - ENTRE EL CIELO Y LA TIERRA.","isPartOf":{"@id":"http:\/\/marinaveracruz.net\/#website"},"primaryImageOfPage":{"@id":"https:\/\/marinaveracruz.net\/?p=1027#primaryimage"},"image":{"@id":"https:\/\/marinaveracruz.net\/?p=1027#primaryimage"},"thumbnailUrl":"http:\/\/marinaveracruz.net\/wp-content\/uploads\/2021\/11\/DSC_0007-300x200.jpg","datePublished":"2026-08-26T18:24:38+00:00","dateModified":"2026-08-26T18:24:42+00:00","author":{"@id":"http:\/\/marinaveracruz.net\/#\/schema\/person\/6aa31df2d63ac6c656ebb4adda67bc1c"},"description":"ESPECIAL: TIEMPO DE ADVIENTO-2025. \u00a0El Adviento es un tiempo especial de gracia y de una invitaci\u00f3n a reconocer las \u201cVenidas del Se\u00f1or\u201d.","breadcrumb":{"@id":"https:\/\/marinaveracruz.net\/?p=1027#breadcrumb"},"inLanguage":"es","potentialAction":[{"@type":"ReadAction","target":["https:\/\/marinaveracruz.net\/?p=1027"]}]},{"@type":"ImageObject","inLanguage":"es","@id":"https:\/\/marinaveracruz.net\/?p=1027#primaryimage","url":"https:\/\/marinaveracruz.net\/wp-content\/uploads\/2021\/11\/DSC_0007-scaled.jpg","contentUrl":"https:\/\/marinaveracruz.net\/wp-content\/uploads\/2021\/11\/DSC_0007-scaled.jpg","width":2560,"height":1707},{"@type":"BreadcrumbList","@id":"https:\/\/marinaveracruz.net\/?p=1027#breadcrumb","itemListElement":[{"@type":"ListItem","position":1,"name":"Portada","item":"http:\/\/marinaveracruz.net\/"},{"@type":"ListItem","position":2,"name":"ESPECIAL: TIEMPO DE ADVIENTO-2026."}]},{"@type":"WebSite","@id":"http:\/\/marinaveracruz.net\/#website","url":"http:\/\/marinaveracruz.net\/","name":"ENTRE EL CIELO Y LA TIERRA.","description":"P\u00e1gina de Francisco Baena Calvo.","potentialAction":[{"@type":"SearchAction","target":{"@type":"EntryPoint","urlTemplate":"http:\/\/marinaveracruz.net\/?s={search_term_string}"},"query-input":{"@type":"PropertyValueSpecification","valueRequired":true,"valueName":"search_term_string"}}],"inLanguage":"es"},{"@type":"Person","@id":"http:\/\/marinaveracruz.net\/#\/schema\/person\/6aa31df2d63ac6c656ebb4adda67bc1c","name":"admin","image":{"@type":"ImageObject","inLanguage":"es","@id":"https:\/\/secure.gravatar.com\/avatar\/cd327038a3101a7b52dc4fc9dcffb6996453169e342a7ae608a3bb140ff2f009?s=96&d=mm&r=g","url":"https:\/\/secure.gravatar.com\/avatar\/cd327038a3101a7b52dc4fc9dcffb6996453169e342a7ae608a3bb140ff2f009?s=96&d=mm&r=g","contentUrl":"https:\/\/secure.gravatar.com\/avatar\/cd327038a3101a7b52dc4fc9dcffb6996453169e342a7ae608a3bb140ff2f009?s=96&d=mm&r=g","caption":"admin"},"url":"https:\/\/marinaveracruz.net\/?author=1"}]}},"_links":{"self":[{"href":"https:\/\/marinaveracruz.net\/index.php?rest_route=\/wp\/v2\/posts\/1027","targetHints":{"allow":["GET"]}}],"collection":[{"href":"https:\/\/marinaveracruz.net\/index.php?rest_route=\/wp\/v2\/posts"}],"about":[{"href":"https:\/\/marinaveracruz.net\/index.php?rest_route=\/wp\/v2\/types\/post"}],"author":[{"embeddable":true,"href":"https:\/\/marinaveracruz.net\/index.php?rest_route=\/wp\/v2\/users\/1"}],"replies":[{"embeddable":true,"href":"https:\/\/marinaveracruz.net\/index.php?rest_route=%2Fwp%2Fv2%2Fcomments&post=1027"}],"version-history":[{"count":4,"href":"https:\/\/marinaveracruz.net\/index.php?rest_route=\/wp\/v2\/posts\/1027\/revisions"}],"predecessor-version":[{"id":2356,"href":"https:\/\/marinaveracruz.net\/index.php?rest_route=\/wp\/v2\/posts\/1027\/revisions\/2356"}],"wp:attachment":[{"href":"https:\/\/marinaveracruz.net\/index.php?rest_route=%2Fwp%2Fv2%2Fmedia&parent=1027"}],"wp:term":[{"taxonomy":"category","embeddable":true,"href":"https:\/\/marinaveracruz.net\/index.php?rest_route=%2Fwp%2Fv2%2Fcategories&post=1027"},{"taxonomy":"post_tag","embeddable":true,"href":"https:\/\/marinaveracruz.net\/index.php?rest_route=%2Fwp%2Fv2%2Ftags&post=1027"}],"curies":[{"name":"wp","href":"https:\/\/api.w.org\/{rel}","templated":true}]}}